{"id":991,"date":"2026-04-29T10:41:44","date_gmt":"2026-04-29T10:41:44","guid":{"rendered":"https:\/\/panafgeo.eurogeosurveys.org\/?p=991"},"modified":"2026-04-29T15:05:35","modified_gmt":"2026-04-29T15:05:35","slug":"reuniao-de-arranque-do-panafgeo-parcerias-e-reforco-de-capacidades","status":"publish","type":"post","link":"https:\/\/panafgeo.eurogeosurveys.org\/pt-pt\/reuniao-de-arranque-do-panafgeo-parcerias-e-reforco-de-capacidades\/","title":{"rendered":"Reuni\u00e3o de Arranque do PanAfGeo+ \u2013 Parcerias e Refor\u00e7o de Capacidades"},"content":{"rendered":"<p data-start=\"142\" data-end=\"897\">A reuni\u00e3o de arranque do PanAfGeo+ \u2013 Parcerias e Refor\u00e7o de Capacidades foi conclu\u00edda hoje em Dar es Salaam, Tanz\u00e2nia, marcando o lan\u00e7amento bem-sucedido da fase 2025\u20132029 do Programa PanAfGeo+, financiado pela Uni\u00e3o Europeia (UE). O evento assinalou tamb\u00e9m o lan\u00e7amento oficial do apoio no \u00e2mbito das quatro \u201cJanelas de Pa\u00eds\u201d do programa \u2014 Ruanda, Tanz\u00e2nia, Uganda e Z\u00e2mbia \u2014 bem como o in\u00edcio do envolvimento preparat\u00f3rio para tr\u00eas janelas adicionais (Rep\u00fablica Democr\u00e1tica do Congo, \u00c1frica do Sul e Nam\u00edbia). Ao longo de dois dias, mais de 80 representantes de servi\u00e7os geol\u00f3gicos africanos e europeus, governos, institui\u00e7\u00f5es internacionais e sociedade civil reuniram-se para tra\u00e7ar um caminho comum para o desenvolvimento colaborativo das geoci\u00eancias.<\/p>\n<p data-start=\"899\" data-end=\"1268\">Organizado pelo Servi\u00e7o Geol\u00f3gico da Tanz\u00e2nia e coorganizado pela Organiza\u00e7\u00e3o dos Servi\u00e7os Geol\u00f3gicos Africanos (OAGS), EuroGeoSurveys (EGS), e coordenado pelo Servi\u00e7o Geol\u00f3gico Franc\u00eas (BRGM), o evento contou com debates din\u00e2micos, apresenta\u00e7\u00f5es estrat\u00e9gicas e novas iniciativas para refor\u00e7ar a capacidade africana nas geoci\u00eancias e na gest\u00e3o sustent\u00e1vel dos recursos.<\/p>\n<p data-start=\"1270\" data-end=\"1537\">\u201cPanAfGeo+ coloca o poder das parcerias no centro da a\u00e7\u00e3o. O trabalho desenvolvido aqui em Dar es Salaam prepara o caminho para uma \u00c1frica mais resiliente, orientada por dados e preparada para o investimento\u201d, afirmou Jean-Claude Guillaneau, Coordenador do PanAfGeo+.<\/p>\n<p data-start=\"1539\" data-end=\"1876\">\u201cO programa PanAfGeo+ \u00e9 uma iniciativa not\u00e1vel na vanguarda do desenvolvimento geocient\u00edfico em \u00c1frica. Ao investir no conhecimento geol\u00f3gico e no refor\u00e7o de capacidades, a UE est\u00e1 a investir no empoderamento econ\u00f3mico, na prote\u00e7\u00e3o ambiental e na prosperidade regional\u201d, afirmou Christine Grau, Embaixadora da Uni\u00e3o Europeia na Tanz\u00e2nia.<\/p>\n<p data-start=\"1878\" data-end=\"2216\">Em representa\u00e7\u00e3o do Ministro dos Minerais, Exmo. Sr. Anthony P. Mavunde, o Vice-Secret\u00e1rio Permanente Msafiri L. Mbibo destacou que o evento constitui um passo claro para uma parceria mais forte com a UE no desenvolvimento dos minerais cr\u00edticos da Tanz\u00e2nia, um setor que descreveu como central para o futuro econ\u00f3mico sustent\u00e1vel do pa\u00eds.<\/p>\n<p data-start=\"2218\" data-end=\"2244\"><strong data-start=\"2218\" data-end=\"2244\">Principais Resultados:<\/strong><\/p>\n<ul data-start=\"2246\" data-end=\"3104\">\n<li data-section-id=\"ai4sh2\" data-start=\"2246\" data-end=\"2466\">Apoio de Alto N\u00edvel: Altos respons\u00e1veis, incluindo representantes da Delega\u00e7\u00e3o da UE, da Comiss\u00e3o da Uni\u00e3o Africana e do Minist\u00e9rio dos Minerais da Tanz\u00e2nia, confirmaram um forte apoio institucional ao PanAfGeo+.<\/li>\n<li data-section-id=\"fdlvii\" data-start=\"2467\" data-end=\"2692\">Marcos da Assembleia Geral: Apresenta\u00e7\u00f5es dos oito Pacotes de Trabalho delinearam estrat\u00e9gias de forma\u00e7\u00e3o e coopera\u00e7\u00e3o, enquanto as \u201cJanelas de Pa\u00eds\u201d para Ruanda, Tanz\u00e2nia, Uganda e Z\u00e2mbia foram oficialmente lan\u00e7adas.<\/li>\n<li data-section-id=\"4pepxr\" data-start=\"2693\" data-end=\"2901\">Discuss\u00f5es Estrat\u00e9gicas: Pain\u00e9is abordaram o papel cr\u00edtico das geoci\u00eancias nas transi\u00e7\u00f5es verde e digital em \u00c1frica, com foco nas mat\u00e9rias-primas cr\u00edticas (CRMs), minera\u00e7\u00e3o artesanal e geo-patrim\u00f3nio.<\/li>\n<li data-section-id=\"831c76\" data-start=\"2902\" data-end=\"3104\">Recomenda\u00e7\u00f5es do Comit\u00e9 de Gest\u00e3o: O Conselho Consultivo apresentou um conjunto de recomenda\u00e7\u00f5es para orientar a implementa\u00e7\u00e3o do programa, a sua governa\u00e7\u00e3o e o futuro pipeline de investimentos.<\/li>\n<\/ul>\n<p data-start=\"3106\" data-end=\"3378\">Com um foco refor\u00e7ado nas parcerias institucionais e na prepara\u00e7\u00e3o para o investimento, o PanAfGeo+ lan\u00e7ar\u00e1 ainda este ano o novo componente PanAfGeo+ Invest, com o objetivo de impulsionar parcerias p\u00fablico-privadas para projetos de mat\u00e9rias-primas cr\u00edticas em \u00c1frica.<\/p>\n<p data-start=\"3380\" data-end=\"3598\">\u201cA nossa unidade e compromisso s\u00e3o mais fortes do que nunca. Esta fase ir\u00e1 capacitar os Servi\u00e7os Geol\u00f3gicos Africanos com ferramentas para gerar conhecimento e impacto\u201d, afirmou Rokhaya Samba Diene, Presidente da OAGS.<\/p>\n<p data-start=\"3600\" data-end=\"3709\">\u201cEste \u00e9 o esp\u00edrito do PanAfGeo+: colabora\u00e7\u00e3o, vis\u00e3o e a\u00e7\u00e3o\u201d, acrescentou Tirza van Daalen, Presidente da EGS.<\/p>\n<p data-start=\"3711\" data-end=\"3979\">\u00c0 medida que a procura global por mat\u00e9rias-primas obtidas de forma sustent\u00e1vel aumenta, o PanAfGeo+ afirma-se como uma plataforma oportuna e transformadora que liga as geoci\u00eancias ao desenvolvimento sustent\u00e1vel, \u00e0 resili\u00eancia econ\u00f3mica e \u00e0 coopera\u00e7\u00e3o intercontinental.<\/p>\n","protected":false},"excerpt":{"rendered":"<p>A reuni\u00e3o de arranque do PanAfGeo+ \u2013 Parcerias e Refor\u00e7o de Capacidades foi conclu\u00edda hoje em Dar es Salaam, Tanz\u00e2nia, marcando o lan\u00e7amento bem-sucedido da fase 2025\u20132029 do Programa PanAfGeo+, financiado pela Uni\u00e3o Europeia (UE). O evento assinalou tamb\u00e9m o lan\u00e7amento oficial do apoio no \u00e2mbito das quatro \u201cJanelas de Pa\u00eds\u201d do programa \u2014 Ruanda, [&hellip;]<\/p>\n","protected":false},"author":2,"featured_media":975,"comment_status":"closed","ping_status":"closed","sticky":false,"template":"","format":"standard","meta":{"_acf_changed":false,"footnotes":""},"categories":[50],"tags":[],"class_list":["post-991","post","type-post","status-publish","format-standard","has-post-thumbnail","hentry","category-research-pt-pt"],"acf":[],"_links":{"self":[{"href":"https:\/\/panafgeo.eurogeosurveys.org\/pt-pt\/wp-json\/wp\/v2\/posts\/991","targetHints":{"allow":["GET"]}}],"collection":[{"href":"https:\/\/panafgeo.eurogeosurveys.org\/pt-pt\/wp-json\/wp\/v2\/posts"}],"about":[{"href":"https:\/\/panafgeo.eurogeosurveys.org\/pt-pt\/wp-json\/wp\/v2\/types\/post"}],"author":[{"embeddable":true,"href":"https:\/\/panafgeo.eurogeosurveys.org\/pt-pt\/wp-json\/wp\/v2\/users\/2"}],"replies":[{"embeddable":true,"href":"https:\/\/panafgeo.eurogeosurveys.org\/pt-pt\/wp-json\/wp\/v2\/comments?post=991"}],"version-history":[{"count":2,"href":"https:\/\/panafgeo.eurogeosurveys.org\/pt-pt\/wp-json\/wp\/v2\/posts\/991\/revisions"}],"predecessor-version":[{"id":997,"href":"https:\/\/panafgeo.eurogeosurveys.org\/pt-pt\/wp-json\/wp\/v2\/posts\/991\/revisions\/997"}],"wp:featuredmedia":[{"embeddable":true,"href":"https:\/\/panafgeo.eurogeosurveys.org\/pt-pt\/wp-json\/wp\/v2\/media\/975"}],"wp:attachment":[{"href":"https:\/\/panafgeo.eurogeosurveys.org\/pt-pt\/wp-json\/wp\/v2\/media?parent=991"}],"wp:term":[{"taxonomy":"category","embeddable":true,"href":"https:\/\/panafgeo.eurogeosurveys.org\/pt-pt\/wp-json\/wp\/v2\/categories?post=991"},{"taxonomy":"post_tag","embeddable":true,"href":"https:\/\/panafgeo.eurogeosurveys.org\/pt-pt\/wp-json\/wp\/v2\/tags?post=991"}],"curies":[{"name":"wp","href":"https:\/\/api.w.org\/{rel}","templated":true}]}}